{"id":892,"date":"2017-06-20T14:23:04","date_gmt":"2017-06-20T12:23:04","guid":{"rendered":"http:\/\/tronic.fr\/altair\/?p=892"},"modified":"2017-07-21T14:43:42","modified_gmt":"2017-07-21T12:43:42","slug":"petits-polissons-charmants","status":"publish","type":"post","link":"https:\/\/saturna.fr\/altair\/portrait\/petits-polissons-charmants-892\/","title":{"rendered":"Petits polissons charmants"},"content":{"rendered":"<p>Cette ann\u00e9e, j&rsquo;ai r\u00e9alis\u00e9 un nombre important de portraits des \u00e9l\u00e8ves de ma classe.<\/p>\n<p>Objectif : 105 mm<\/p>\n<p>Ces portraits ne sont pas visibles ici. S&rsquo;agissant d&rsquo;enfants mineurs, je n&rsquo;ai pas l&rsquo;autorisation de les diffuser. Cette exp\u00e9rience m&rsquo;a permise de progresser dans le portrait, un domaine que j&rsquo;affectionne particuli\u00e8rement. Les photos ont \u00e9t\u00e9 post-trait\u00e9es en N&amp;B sur Photoshop.<\/p>\n","protected":false},"excerpt":{"rendered":"<p>Cette ann\u00e9e, j&rsquo;ai r\u00e9alis\u00e9 un nombre important de portraits des \u00e9l\u00e8ves de ma classe. Objectif :&hellip;<\/p>\n","protected":false},"author":1,"featured_media":894,"comment_status":"open","ping_status":"open","sticky":false,"template":"","format":"image","meta":{"footnotes":""},"categories":[23],"tags":[152,151],"class_list":["post-892","post","type-post","status-publish","format-image","has-post-thumbnail","hentry","category-portrait","tag-bw","tag-enfant","post_format-post-format-image"],"_links":{"self":[{"href":"https:\/\/saturna.fr\/altair\/wp-json\/wp\/v2\/posts\/892","targetHints":{"allow":["GET"]}}],"collection":[{"href":"https:\/\/saturna.fr\/altair\/wp-json\/wp\/v2\/posts"}],"about":[{"href":"https:\/\/saturna.fr\/altair\/wp-json\/wp\/v2\/types\/post"}],"author":[{"embeddable":true,"href":"https:\/\/saturna.fr\/altair\/wp-json\/wp\/v2\/users\/1"}],"replies":[{"embeddable":true,"href":"https:\/\/saturna.fr\/altair\/wp-json\/wp\/v2\/comments?post=892"}],"version-history":[{"count":1,"href":"https:\/\/saturna.fr\/altair\/wp-json\/wp\/v2\/posts\/892\/revisions"}],"predecessor-version":[{"id":893,"href":"https:\/\/saturna.fr\/altair\/wp-json\/wp\/v2\/posts\/892\/revisions\/893"}],"wp:featuredmedia":[{"embeddable":true,"href":"https:\/\/saturna.fr\/altair\/wp-json\/wp\/v2\/media\/894"}],"wp:attachment":[{"href":"https:\/\/saturna.fr\/altair\/wp-json\/wp\/v2\/media?parent=892"}],"wp:term":[{"taxonomy":"category","embeddable":true,"href":"https:\/\/saturna.fr\/altair\/wp-json\/wp\/v2\/categories?post=892"},{"taxonomy":"post_tag","embeddable":true,"href":"https:\/\/saturna.fr\/altair\/wp-json\/wp\/v2\/tags?post=892"}],"curies":[{"name":"wp","href":"https:\/\/api.w.org\/{rel}","templated":true}]}}