{"id":945,"date":"2017-08-27T11:23:25","date_gmt":"2017-08-27T09:23:25","guid":{"rendered":"http:\/\/tronic.fr\/altair\/?p=945"},"modified":"2022-09-08T20:48:41","modified_gmt":"2022-09-08T18:48:41","slug":"mini-autoportrait","status":"publish","type":"post","link":"https:\/\/saturna.fr\/altair\/portrait\/mini-autoportrait-945\/","title":{"rendered":"Mini-autoportrait"},"content":{"rendered":"<p>Dans un caf\u00e9 parisien, je descends aux toilettes et je d\u00e9couvre cette porte au hublot qui me donne une id\u00e9e&#8230;<br \/>\n{ Iphone 5s }<\/p>\n","protected":false},"excerpt":{"rendered":"<p>Dans un caf\u00e9 parisien, je descends aux toilettes et je d\u00e9couvre cette porte au hublot qui&hellip;<\/p>\n","protected":false},"author":1,"featured_media":946,"comment_status":"closed","ping_status":"open","sticky":false,"template":"","format":"image","meta":{"footnotes":""},"categories":[23],"tags":[84,161],"class_list":["post-945","post","type-post","status-publish","format-image","has-post-thumbnail","hentry","category-portrait","tag-autoportrait","tag-paris","post_format-post-format-image"],"_links":{"self":[{"href":"https:\/\/saturna.fr\/altair\/wp-json\/wp\/v2\/posts\/945","targetHints":{"allow":["GET"]}}],"collection":[{"href":"https:\/\/saturna.fr\/altair\/wp-json\/wp\/v2\/posts"}],"about":[{"href":"https:\/\/saturna.fr\/altair\/wp-json\/wp\/v2\/types\/post"}],"author":[{"embeddable":true,"href":"https:\/\/saturna.fr\/altair\/wp-json\/wp\/v2\/users\/1"}],"replies":[{"embeddable":true,"href":"https:\/\/saturna.fr\/altair\/wp-json\/wp\/v2\/comments?post=945"}],"version-history":[{"count":2,"href":"https:\/\/saturna.fr\/altair\/wp-json\/wp\/v2\/posts\/945\/revisions"}],"predecessor-version":[{"id":948,"href":"https:\/\/saturna.fr\/altair\/wp-json\/wp\/v2\/posts\/945\/revisions\/948"}],"wp:featuredmedia":[{"embeddable":true,"href":"https:\/\/saturna.fr\/altair\/wp-json\/wp\/v2\/media\/946"}],"wp:attachment":[{"href":"https:\/\/saturna.fr\/altair\/wp-json\/wp\/v2\/media?parent=945"}],"wp:term":[{"taxonomy":"category","embeddable":true,"href":"https:\/\/saturna.fr\/altair\/wp-json\/wp\/v2\/categories?post=945"},{"taxonomy":"post_tag","embeddable":true,"href":"https:\/\/saturna.fr\/altair\/wp-json\/wp\/v2\/tags?post=945"}],"curies":[{"name":"wp","href":"https:\/\/api.w.org\/{rel}","templated":true}]}}